{"id":478,"date":"2022-04-15T13:12:04","date_gmt":"2022-04-15T11:12:04","guid":{"rendered":"https:\/\/udascienza.unich.it\/?p=478"},"modified":"2022-04-15T13:12:05","modified_gmt":"2022-04-15T11:12:05","slug":"bambusilo-la-cupola-roseto","status":"publish","type":"post","link":"https:\/\/udascienza.unich.it\/?p=478","title":{"rendered":"BAMBUSILO | la cupola-roseto"},"content":{"rendered":"\n<figure class=\"wp-block-embed is-type-video is-provider-youtube wp-block-embed-youtube wp-embed-aspect-16-9 wp-has-aspect-ratio\"><div class=\"wp-block-embed__wrapper\">\n<iframe loading=\"lazy\" title=\"\ud835\uddd5\ud835\uddee\ud835\uddfa\ud835\uddef\ud835\ude02\ud835\ude00\ud835\uddf6\ud835\uddf9\ud835\uddfc | \ud835\uddf9\ud835\uddee \ud835\uddf0\ud835\ude02\ud835\uddfd\ud835\uddfc\ud835\uddf9\ud835\uddee \ud835\uddff\ud835\uddfc\ud835\ude00\ud835\uddf2\ud835\ude01\ud835\uddfc\" width=\"750\" height=\"422\" src=\"https:\/\/www.youtube.com\/embed\/bBjvfBCGwQI?list=PLoaPTBUVztE10G2ZMPlE-gpmfbXjITtLS\" frameborder=\"0\" allow=\"accelerometer; autoplay; clipboard-write; encrypted-media; gyroscope; picture-in-picture\" allowfullscreen><\/iframe>\n<\/div><\/figure>\n\n\n\n<p>Durante una passeggiata nell\u2019area dell\u2019orto botanico non si pu\u00f2 non essere incuriositi dalla struttura a cupola che nella stagione primaverile si colora di fiori di rose. La struttura \u00e8 stata chiamata Bambusilo ed \u00e8 una cupola geodetica a giunto reciproco in materiale completamente biocompatibile e rinnovabile, a chilometro zero. \u00c8 stata infatti realizzata su un progetto dell\u2019Arch. Biagio di Carlo con segmenti di culmi di bamb\u00f9 raccolti nel bambuseto dell\u2019orto botanico. Autoportante, antisismica e ad impatto zero, \u00e8 stata assemblata e messa in opera dagli studenti di Farmacia durante un workshop sulle fonti rinnovabili di materie prime nell\u2019ambio delle manifestazioni per celebrare i 20 anni dall\u2019inaugurazione del Giardino dei Semplici. La struttura diventa supporto per la collezione di rose antiche e valorizza l\u2019aiuola dedicata alle piante per la cura e conservazione della bellezza, quello che in chiave pi\u00f9 moderna \u00e8 definita cosmesi.<\/p>\n","protected":false},"excerpt":{"rendered":"<p>Durante una passeggiata nell\u2019area dell\u2019orto botanico non si pu\u00f2 non essere incuriositi dalla struttura a cupola che nella stagione primaverile &hellip; <\/p>\n","protected":false},"author":9,"featured_media":0,"comment_status":"open","ping_status":"open","sticky":false,"template":"","format":"standard","meta":{"footnotes":""},"categories":[11,6],"tags":[5],"class_list":["post-478","post","type-post","status-publish","format-standard","hentry","category-botanica-bis","category-botanica-per-modo-di-dire","tag-botanica"],"_links":{"self":[{"href":"https:\/\/udascienza.unich.it\/index.php?rest_route=\/wp\/v2\/posts\/478","targetHints":{"allow":["GET"]}}],"collection":[{"href":"https:\/\/udascienza.unich.it\/index.php?rest_route=\/wp\/v2\/posts"}],"about":[{"href":"https:\/\/udascienza.unich.it\/index.php?rest_route=\/wp\/v2\/types\/post"}],"author":[{"embeddable":true,"href":"https:\/\/udascienza.unich.it\/index.php?rest_route=\/wp\/v2\/users\/9"}],"replies":[{"embeddable":true,"href":"https:\/\/udascienza.unich.it\/index.php?rest_route=%2Fwp%2Fv2%2Fcomments&post=478"}],"version-history":[{"count":1,"href":"https:\/\/udascienza.unich.it\/index.php?rest_route=\/wp\/v2\/posts\/478\/revisions"}],"predecessor-version":[{"id":479,"href":"https:\/\/udascienza.unich.it\/index.php?rest_route=\/wp\/v2\/posts\/478\/revisions\/479"}],"wp:attachment":[{"href":"https:\/\/udascienza.unich.it\/index.php?rest_route=%2Fwp%2Fv2%2Fmedia&parent=478"}],"wp:term":[{"taxonomy":"category","embeddable":true,"href":"https:\/\/udascienza.unich.it\/index.php?rest_route=%2Fwp%2Fv2%2Fcategories&post=478"},{"taxonomy":"post_tag","embeddable":true,"href":"https:\/\/udascienza.unich.it\/index.php?rest_route=%2Fwp%2Fv2%2Ftags&post=478"}],"curies":[{"name":"wp","href":"https:\/\/api.w.org\/{rel}","templated":true}]}}